{"id":3753,"date":"2025-04-14T10:10:15","date_gmt":"2025-04-14T08:10:15","guid":{"rendered":"https:\/\/www.insersud86.fr\/?p=3753"},"modified":"2025-04-14T10:11:23","modified_gmt":"2025-04-14T08:11:23","slug":"referent-technique-dinsertion-h-f-activite-espaces-verts","status":"publish","type":"post","link":"https:\/\/www.insersud86.fr\/?p=3753","title":{"rendered":"R\u00e9f\u00e9rent technique d&rsquo;insertion (H\/F) activit\u00e9 Espaces Verts"},"content":{"rendered":"\n<p>Insersud, bas\u00e9 \u00e0 Poitiers, recrute pour son chantier d\u2019insertion en Espaces Verts, un-e R\u00e9f\u00e9rent-e Technique d\u2019Insertion, en CDD pour remplacement d\u2019un salari\u00e9 en cong\u00e9s pay\u00e9s.<br>Insersud, R\u00e9gie de Quartier, a pour objet social l\u2019am\u00e9lioration du cadre de vie des habitants et permettre l\u2019insertion professionnelle de ces derniers par l\u2019emploi au travers des activit\u00e9s \u00e9conomiques.<br>D\u00e9finition du poste : Sous l\u2019autorit\u00e9 de la Direction et en lien avec l\u2019encadrant technique espaces verts, vous assurerez<br>La r\u00e9alisation de prestations espaces verts et l\u2019encadrement d\u2019une \u00e9quipe de salari\u00e9 en insertion dans le respect des missions et des objectifs de la structure.<\/p>\n\n\n\n<div class=\"wp-block-file\"><a id=\"wp-block-file--media-23def232-5a2e-4e5b-b463-96d4de09dc92\" href=\"https:\/\/www.insersud86.fr\/wp-content\/uploads\/2025\/04\/250411-OFFRE-REF-TECHN-EV-CDD-REMPLACEMENT.pdf\">250411-OFFRE-REF-TECHN-EV-CDD-REMPLACEMENT<\/a><a href=\"https:\/\/www.insersud86.fr\/wp-content\/uploads\/2025\/04\/250411-OFFRE-REF-TECHN-EV-CDD-REMPLACEMENT.pdf\" class=\"wp-block-file__button\" download aria-describedby=\"wp-block-file--media-23def232-5a2e-4e5b-b463-96d4de09dc92\">T\u00e9l\u00e9charger<\/a><\/div>\n","protected":false},"excerpt":{"rendered":"<p>Insersud, bas\u00e9 \u00e0 Poitiers, recrute pour son chantier d\u2019insertion en Espaces Verts, un-e R\u00e9f\u00e9rent-e Technique d\u2019Insertion, en CDD pour remplacement d\u2019un salari\u00e9 en cong\u00e9s pay\u00e9s.Insersud, R\u00e9gie de Quartier, a pour objet social l\u2019am\u00e9lioration du cadre de vie des habitants et permettre l\u2019insertion professionnelle de ces derniers par l\u2019emploi au travers des activit\u00e9s \u00e9conomiques.D\u00e9finition du poste [&hellip;]<\/p>\n","protected":false},"author":9,"featured_media":0,"comment_status":"closed","ping_status":"closed","sticky":false,"template":"","format":"standard","meta":{"footnotes":""},"categories":[9],"tags":[],"class_list":["post-3753","post","type-post","status-publish","format-standard","hentry","category-nos-recrutements","entry"],"aioseo_notices":[],"_links":{"self":[{"href":"https:\/\/www.insersud86.fr\/index.php?rest_route=\/wp\/v2\/posts\/3753","targetHints":{"allow":["GET"]}}],"collection":[{"href":"https:\/\/www.insersud86.fr\/index.php?rest_route=\/wp\/v2\/posts"}],"about":[{"href":"https:\/\/www.insersud86.fr\/index.php?rest_route=\/wp\/v2\/types\/post"}],"author":[{"embeddable":true,"href":"https:\/\/www.insersud86.fr\/index.php?rest_route=\/wp\/v2\/users\/9"}],"replies":[{"embeddable":true,"href":"https:\/\/www.insersud86.fr\/index.php?rest_route=%2Fwp%2Fv2%2Fcomments&post=3753"}],"version-history":[{"count":2,"href":"https:\/\/www.insersud86.fr\/index.php?rest_route=\/wp\/v2\/posts\/3753\/revisions"}],"predecessor-version":[{"id":3757,"href":"https:\/\/www.insersud86.fr\/index.php?rest_route=\/wp\/v2\/posts\/3753\/revisions\/3757"}],"wp:attachment":[{"href":"https:\/\/www.insersud86.fr\/index.php?rest_route=%2Fwp%2Fv2%2Fmedia&parent=3753"}],"wp:term":[{"taxonomy":"category","embeddable":true,"href":"https:\/\/www.insersud86.fr\/index.php?rest_route=%2Fwp%2Fv2%2Fcategories&post=3753"},{"taxonomy":"post_tag","embeddable":true,"href":"https:\/\/www.insersud86.fr\/index.php?rest_route=%2Fwp%2Fv2%2Ftags&post=3753"}],"curies":[{"name":"wp","href":"https:\/\/api.w.org\/{rel}","templated":true}]}}