{"id":3136,"date":"2023-05-27T10:37:00","date_gmt":"2023-05-27T08:37:00","guid":{"rendered":"https:\/\/www.insersud86.fr\/?p=3136"},"modified":"2025-02-07T15:01:54","modified_gmt":"2025-02-07T14:01:54","slug":"la-conciergerie-au-service-des-habitants-de-poitiers-sud","status":"publish","type":"post","link":"https:\/\/www.insersud86.fr\/?p=3136","title":{"rendered":"La conciergerie, au service des habitants de Poitiers-Sud"},"content":{"rendered":"\n<p>La r\u00e9gie d\u2019insertion Insersud met en place un espace de petits services du quotidien \u00e0 Poitiers.<a href=\"https:\/\/www.centre-presse.fr\/images\/articles\/800x600_412184.jpg\"><\/a><\/p>\n\n\n\n<p>Un v\u00e9lo \u00e9lectrique facilitera les interventions \u00e0 domicile.<\/p>\n\n\n\n<p>En bordure du carr\u00e9 d\u2019herbes folles biodiverses de l\u2019all\u00e9e Ren\u00e9-Goscinny \u00e0 Bellejouanne, m\u00e9ticuleusement entretenu par la municipalit\u00e9, Insersud a inaugur\u00e9\ufeff son nouveau service, la conciergerie, le mardi 22&nbsp;mai.<\/p>\n\n\n\n<p><strong>Pour faciliter le quotidien<\/strong><\/p>\n\n\n\n<p><em>\u00ab&nbsp;Il s\u2019agit d\u2019un espace de petits services du quotidien pour les habitants de Poitiers-sud&nbsp;\u00bb,&nbsp;<\/em>explique Pierre Jolly, vice-pr\u00e9sident. L\u2019activit\u00e9 de la conciergerie vient s\u2019ajouter \u00e0 celle de l\u2019espace num\u00e9rique et \u00e0 celle du vestiaire solidaire le Coquelicot. Rappelons que l\u2019association Insersud a pour missions principales l\u2019am\u00e9lioration du cadre de vie des habitants et l\u2019insertion professionnelle par l\u2019emploi au travers des activit\u00e9s \u00e9conomiques qu\u2019elle r\u00e9alise sur le territoire de la communaut\u00e9 urbaine de Grand Poitiers.<\/p>\n\n\n\n<p>Cr\u00e9\u00e9e en 1991, Insersud fait partie des 140 r\u00e9gies de quartier en France et a pour objectif de permettre l\u2019insertion d\u2019habitants du quartier sans emploi autour de trois chantiers d\u2019insertion&nbsp;: l\u2019activit\u00e9 blanchisserie Pique tout net, l\u2019activit\u00e9 d\u2019entretien des espaces verts et le chantier petite maintenance et habitat. L\u2019association emploie une vingtaine d\u2019encadrants techniques et accompagnateurs et 70 salari\u00e9s en parcours d\u2019insertion, avec un CDDI (contrat \u00e0 dur\u00e9e d\u00e9termin\u00e9e d\u2019insertion) d\u2019environ deux ans.<\/p>\n\n\n\n<p><strong>Bricolage, courses, entretien\u2026<\/strong><\/p>\n\n\n\n<p>Ce nouveau service est n\u00e9 de besoins apparus pendant la p\u00e9riode Covid. Ils ont \u00e9t\u00e9 \u00e9valu\u00e9s par un groupe d\u2019\u00e9tudiants en g\u00e9ographie de l\u2019universit\u00e9 de Poitiers.<\/p>\n\n\n\n<p>C\u2019est donc sur ses services d\u00e9j\u00e0 existants que la conciergerie s\u2019appuiera pour apporter des r\u00e9ponses aux demandes des habitants de Poitiers-Sud, qui s\u2019\u00e9tend du quartier de la Madeleine \u00e0 celui de la Pointe-\u00e0-Miteau. \u00ab<em>&nbsp;Elle assurera des services utiles pour faciliter le quotidien&nbsp;\u00bb,&nbsp;<\/em>insiste le pr\u00e9sident, James Renaud.<\/p>\n\n\n\n<p>Ainsi, seront pris en charge les petits bricolages (changer une ampoule, une bo\u00eete \u00e0 lettres), l\u2019aide au d\u00e9m\u00e9nagement, l\u2019aide aux courses, les travaux espaces verts, le nettoyage et l\u2019entretien. Les tarifs horaires seront appliqu\u00e9s en fonction du quotient familial&nbsp;: 8&nbsp;\u20ac, 12&nbsp;\u20ac, 20&nbsp;\u20ac ou 24&nbsp;\u20ac. L\u2019inauguration s\u2019est d\u00e9roul\u00e9e en pr\u00e9sence du d\u00e9put\u00e9 Sacha Houli\u00e9 et des financeurs, R\u00e9gion, D\u00e9partement et Grand Poitiers.<\/p>\n\n\n\n<p><em>La conciergerie \u00e0 Insersud&nbsp;: 4, all\u00e9e Ren\u00e9-Goscinny, ouvert du lundi au vendredi de 10&nbsp;h \u00e0 18&nbsp;h. T\u00e9l.&nbsp;05.49.55.46.43.<\/em><\/p>\n\n\n\n<p><strong>G\u00e9rard CHEVALIER<\/strong><\/p>\n\n\n\n<p>Lien vers CENTRE PRESSE : <a href=\"https:\/\/www.centre-presse.fr\/article-880495-la-conciergerie-au-service-des-habitants-de-poitiers-sud.html\">Centre Presse : La conciergerie, au service des habitants de Poitiers-Sud<\/a><\/p>\n","protected":false},"excerpt":{"rendered":"<p>La r\u00e9gie d\u2019insertion Insersud met en place un espace de petits services du quotidien \u00e0 Poitiers. Un v\u00e9lo \u00e9lectrique facilitera les interventions \u00e0 domicile. En bordure du carr\u00e9 d\u2019herbes folles biodiverses de l\u2019all\u00e9e Ren\u00e9-Goscinny \u00e0 Bellejouanne, m\u00e9ticuleusement entretenu par la municipalit\u00e9, Insersud a inaugur\u00e9\ufeff son nouveau service, la conciergerie, le mardi 22&nbsp;mai. Pour faciliter le [&hellip;]<\/p>\n","protected":false},"author":9,"featured_media":0,"comment_status":"closed","ping_status":"closed","sticky":false,"template":"","format":"standard","meta":{"footnotes":""},"categories":[1,27,10],"tags":[],"class_list":["post-3136","post","type-post","status-publish","format-standard","hentry","category-actualites","category-ils-parlent-de-nous","category-parutions-presse","entry"],"aioseo_notices":[],"_links":{"self":[{"href":"https:\/\/www.insersud86.fr\/index.php?rest_route=\/wp\/v2\/posts\/3136","targetHints":{"allow":["GET"]}}],"collection":[{"href":"https:\/\/www.insersud86.fr\/index.php?rest_route=\/wp\/v2\/posts"}],"about":[{"href":"https:\/\/www.insersud86.fr\/index.php?rest_route=\/wp\/v2\/types\/post"}],"author":[{"embeddable":true,"href":"https:\/\/www.insersud86.fr\/index.php?rest_route=\/wp\/v2\/users\/9"}],"replies":[{"embeddable":true,"href":"https:\/\/www.insersud86.fr\/index.php?rest_route=%2Fwp%2Fv2%2Fcomments&post=3136"}],"version-history":[{"count":2,"href":"https:\/\/www.insersud86.fr\/index.php?rest_route=\/wp\/v2\/posts\/3136\/revisions"}],"predecessor-version":[{"id":3204,"href":"https:\/\/www.insersud86.fr\/index.php?rest_route=\/wp\/v2\/posts\/3136\/revisions\/3204"}],"wp:attachment":[{"href":"https:\/\/www.insersud86.fr\/index.php?rest_route=%2Fwp%2Fv2%2Fmedia&parent=3136"}],"wp:term":[{"taxonomy":"category","embeddable":true,"href":"https:\/\/www.insersud86.fr\/index.php?rest_route=%2Fwp%2Fv2%2Fcategories&post=3136"},{"taxonomy":"post_tag","embeddable":true,"href":"https:\/\/www.insersud86.fr\/index.php?rest_route=%2Fwp%2Fv2%2Ftags&post=3136"}],"curies":[{"name":"wp","href":"https:\/\/api.w.org\/{rel}","templated":true}]}}