{"id":3133,"date":"2017-06-01T10:29:00","date_gmt":"2017-06-01T08:29:00","guid":{"rendered":"https:\/\/www.insersud86.fr\/?p=3133"},"modified":"2025-02-07T14:41:42","modified_gmt":"2025-02-07T13:41:42","slug":"la-regie-de-quartier-insersud-veut-grandir","status":"publish","type":"post","link":"https:\/\/www.insersud86.fr\/?p=3133","title":{"rendered":"La r\u00e9gie de quartier Insersud veut grandir"},"content":{"rendered":"\n<p>Mise en place en 1991 sur le secteur de Poitiers Sud, la r\u00e9gie de quartier Insersud tenait mardi soir \u00e0 Poitiers son assembl\u00e9e g\u00e9n\u00e9rale. Bien connue dans le quartier de Bellejouanne, la structure d&rsquo;insertion (*) intervient aujourd&rsquo;hui sur la ville enti\u00e8re et les communes avoisinantes. Elle emploie des personnes en insertion, pour une dur\u00e9e maximale de deux ans, sur trois chantiers principaux\u2009: La boutique Pique tout&rsquo; net (blanchisserie et couture) qui emploie 7 personnes, un chantier espaces verts avec 16 personnes, une petite maintenance habitat qui comprend l&rsquo;entretien de locaux, un collectif meubles qui r\u00e9cup\u00e8re et redistribue \u00e0 des gens qui n&rsquo;ont rien.<br><em>\u00ab L&rsquo;an pass\u00e9,<\/em>note Jacky Seguret, le pr\u00e9sident fondateur d&rsquo;Insersud,&nbsp;<em>135 personnes sont pass\u00e9es chez nous, dont 104 en insertion. \u00bb<\/em><br>La structure s&rsquo;est aussi dot\u00e9e d&rsquo;un p\u00f4le d&rsquo;accompagnement socioprofessionnel et d&rsquo;ateliers qui permettent de r\u00e9pondre \u00e0 des personnes en difficult\u00e9 sociale (logement-gestion-finances-sant\u00e9-loisirs).<br><em>\u00ab D&rsquo;une mani\u00e8re g\u00e9n\u00e9rale, nous travaillons aussi \u00e0 la valorisation de nos activit\u00e9s et \u00e0 accro\u00eetre notre pr\u00e9sence sur le territoire,<\/em>compl\u00e8te Karine Staub, la nouvelle directrice de la structure.&nbsp;<em>Cela passe aussi par une meilleure visibilit\u00e9 avec la cr\u00e9ation d&rsquo;un site Internet, l&rsquo;\u00e9dition d&rsquo;une plaquette, une meilleure politique de communication. \u00bb<\/em><br>Toujours au chapitre des projets, Insersud pr\u00e9pare avec Pique Tout&rsquo;Net un d\u00e9fil\u00e9 mode et couture qui aura lieu le 3 septembre lors de la f\u00eate du quartier aux Pr\u00e9s-Mignons. Auparavant, le 15 juin, elle aura accueilli sur son parvis l&rsquo;un des spectacles de rue du festival Ecoutez voir\u2009!<\/p>\n\n\n\n<p><strong>Contact\u2009: Insersud, 7 All\u00e9e Goscinny. T\u00e9l. 05.49.55.46.43.<\/strong><\/p>\n\n\n\n<p><em>(*) C&rsquo;est l&rsquo;une des 12 qui interviennent sur le territoire de Poitiers et Grand Poitiers.<\/em><\/p>\n\n\n\n<p>J.-M. G.<\/p>\n\n\n\n<p>Lien vers l&rsquo;article de la Nouvelle R\u00e9publique : <a href=\"https:\/\/www.lanouvellerepublique.fr\/poitiers\/la-regie-de-quartier-insersud-veut-grandir\">La r\u00e9gie de quartier Insersud veut grandir<\/a><\/p>\n\n\n\n<p><\/p>\n","protected":false},"excerpt":{"rendered":"<p>Mise en place en 1991 sur le secteur de Poitiers Sud, la r\u00e9gie de quartier Insersud tenait mardi soir \u00e0 Poitiers son assembl\u00e9e g\u00e9n\u00e9rale. Bien connue dans le quartier de Bellejouanne, la structure d&rsquo;insertion (*) intervient aujourd&rsquo;hui sur la ville enti\u00e8re et les communes avoisinantes. Elle emploie des personnes en insertion, pour une dur\u00e9e maximale [&hellip;]<\/p>\n","protected":false},"author":9,"featured_media":0,"comment_status":"closed","ping_status":"closed","sticky":false,"template":"","format":"standard","meta":{"footnotes":""},"categories":[10],"tags":[],"class_list":["post-3133","post","type-post","status-publish","format-standard","hentry","category-parutions-presse","entry"],"aioseo_notices":[],"_links":{"self":[{"href":"https:\/\/www.insersud86.fr\/index.php?rest_route=\/wp\/v2\/posts\/3133","targetHints":{"allow":["GET"]}}],"collection":[{"href":"https:\/\/www.insersud86.fr\/index.php?rest_route=\/wp\/v2\/posts"}],"about":[{"href":"https:\/\/www.insersud86.fr\/index.php?rest_route=\/wp\/v2\/types\/post"}],"author":[{"embeddable":true,"href":"https:\/\/www.insersud86.fr\/index.php?rest_route=\/wp\/v2\/users\/9"}],"replies":[{"embeddable":true,"href":"https:\/\/www.insersud86.fr\/index.php?rest_route=%2Fwp%2Fv2%2Fcomments&post=3133"}],"version-history":[{"count":3,"href":"https:\/\/www.insersud86.fr\/index.php?rest_route=\/wp\/v2\/posts\/3133\/revisions"}],"predecessor-version":[{"id":3205,"href":"https:\/\/www.insersud86.fr\/index.php?rest_route=\/wp\/v2\/posts\/3133\/revisions\/3205"}],"wp:attachment":[{"href":"https:\/\/www.insersud86.fr\/index.php?rest_route=%2Fwp%2Fv2%2Fmedia&parent=3133"}],"wp:term":[{"taxonomy":"category","embeddable":true,"href":"https:\/\/www.insersud86.fr\/index.php?rest_route=%2Fwp%2Fv2%2Fcategories&post=3133"},{"taxonomy":"post_tag","embeddable":true,"href":"https:\/\/www.insersud86.fr\/index.php?rest_route=%2Fwp%2Fv2%2Ftags&post=3133"}],"curies":[{"name":"wp","href":"https:\/\/api.w.org\/{rel}","templated":true}]}}